{"id":1033,"__str__":"Projeto de Lei Ordin\u00e1ria (Legislativo) n\u00ba 5 de 2025","link_detail_backend":"/materia/1033","metadata":{},"numero":5,"ano":2025,"numero_protocolo":70,"data_apresentacao":"2025-09-08","tipo_apresentacao":"E","data_publicacao":null,"numero_origem_externa":"","ano_origem_externa":null,"data_origem_externa":null,"apelido":"","dias_prazo":null,"data_fim_prazo":null,"em_tramitacao":false,"polemica":false,"objeto":"","complementar":false,"ementa":"DISP\u00d5E SOBRE A REESTRUTURA\u00c7\u00c3O DOS CARGOS EFETIVOS E COMISSIONADOS DA C\u00c2MARA MUNICIPAL DE SANTANA DO SERID\u00d3/RN E D\u00c1 OUTRAS PROVID\u00caNCIAS.","indexacao":"","observacao":"","resultado":"","texto_original":"http://sapl.santanadoserido.rn.leg.br/media/sapl/public/materialegislativa/2025/1033/05._reestruturacao_dos_cargos_-_corrigido_1.docx","data_ultima_atualizacao":"2025-11-04T10:45:21.474625-03:00","ip":"177.86.194.244","ultima_edicao":"2025-11-04T10:45:20.906403-03:00","tipo":20,"regime_tramitacao":1,"tipo_origem_externa":null,"local_origem_externa":null,"user":2,"anexadas":[1036,1037],"autores":[33]}