{"id":1088,"__str__":"Mo\u00e7\u00e3o n\u00ba 26 de 2025","link_detail_backend":"/materia/1088","metadata":{},"numero":26,"ano":2025,"numero_protocolo":108,"data_apresentacao":"2025-10-16","tipo_apresentacao":"E","data_publicacao":null,"numero_origem_externa":"","ano_origem_externa":null,"data_origem_externa":null,"apelido":"","dias_prazo":null,"data_fim_prazo":null,"em_tramitacao":false,"polemica":false,"objeto":"","complementar":false,"ementa":"dirigida para todas as 4 (quatro) alunas Santanenses que conclu\u00edram cursos de p\u00f3s-gradua\u00e7\u00e3o no Centro Universit\u00e1rio Maci\u00e7o de Baturit\u00e9 (UNIMB) na cidade de Parelhas/RN, cujos esfor\u00e7os demonstram compromisso, dedica\u00e7\u00e3o e amor pela Educa\u00e7\u00e3o, onde a seguir relacionamos as referidas homenageadas:\r\n1. JOSENILMA DAYANE ALMEIDA SANTOS \u2013 PSICOPEDAGOGA;\r\n2. KALIENE DE SOUZA GUIMAR\u00c3ES \u2013 PSICOPEDAGOGA\r\n3. MARIA DE F\u00c1TIMA SANTOS FREIRE \u2013 EDUCA\u00c7\u00c3O ESPECIAL\r\nE INCLUSIVA;\r\n4. FERNANDA DOS SANTOS LIMA \u2013 EDUCA\u00c7\u00c3O ESPECIAL E\r\nINCLUSIVA;\r\n\r\nEssa conquista representa n\u00e3o apenas o esfor\u00e7o pessoal de cada uma, mas tamb\u00e9m um motivo de orgulho para toda a comunidade santanense, que se alegra ao ver seus filhos e filhas buscando constante aprimoramento acad\u00eamico e contribuindo para o fortalecimento da educa\u00e7\u00e3o em nosso munic\u00edpio, onde entendemos merecedoras de singela homenagem atrav\u00e9s dos parab\u00e9ns registrados na C\u00e2mara Municipal.","indexacao":"","observacao":"","resultado":"","texto_original":"http://sapl.santanadoserido.rn.leg.br/media/sapl/public/materialegislativa/2025/1088/mocao_026.pdf","data_ultima_atualizacao":"2025-10-23T10:02:45.901585-03:00","ip":"177.86.194.244","ultima_edicao":"2025-10-22T10:17:25.674109-03:00","tipo":6,"regime_tramitacao":1,"tipo_origem_externa":null,"local_origem_externa":null,"user":9,"anexadas":[],"autores":[29]}