{"id":1089,"__str__":"Requerimento n\u00ba 112 de 2025","link_detail_backend":"/materia/1089","metadata":{},"numero":112,"ano":2025,"numero_protocolo":109,"data_apresentacao":"2025-10-16","tipo_apresentacao":"E","data_publicacao":null,"numero_origem_externa":"","ano_origem_externa":null,"data_origem_externa":null,"apelido":"","dias_prazo":null,"data_fim_prazo":null,"em_tramitacao":false,"polemica":false,"objeto":"","complementar":false,"ementa":"Que a gest\u00e3o municipal promova a\u00e7\u00f5es educativas e de conscientiza\u00e7\u00e3o durante a semana da causa animal a ser realizada no munic\u00edpio de Santana do Serid\u00f3.","indexacao":"","observacao":"","resultado":"","texto_original":"http://sapl.santanadoserido.rn.leg.br/media/sapl/public/materialegislativa/2025/1089/requerimento_112.pdf","data_ultima_atualizacao":"2025-10-29T08:40:17.911105-03:00","ip":"177.86.194.244","ultima_edicao":"2025-10-22T10:12:30.408707-03:00","tipo":7,"regime_tramitacao":1,"tipo_origem_externa":null,"local_origem_externa":null,"user":9,"anexadas":[],"autores":[28]}