{"id":920,"__str__":"Projeto de Lei Ordin\u00e1ria (Municipal) n\u00ba 11 de 2025","link_detail_backend":"/materia/920","metadata":{},"numero":11,"ano":2025,"numero_protocolo":27,"data_apresentacao":"2025-05-28","tipo_apresentacao":"E","data_publicacao":null,"numero_origem_externa":"","ano_origem_externa":null,"data_origem_externa":null,"apelido":"","dias_prazo":null,"data_fim_prazo":null,"em_tramitacao":false,"polemica":false,"objeto":"","complementar":false,"ementa":"DISP\u00d5E SOBRE A ALTERA\u00c7\u00c3O DO ANEXO DA LEI N\u00ba 0630/2023 DE 25 DE JULHO DE 2023 DO EXECUTIVO DE SANTANA DO SERID\u00d3 E D\u00c1 OUTRAS PROVID\u00caNCIAS.","indexacao":"","observacao":"","resultado":"","texto_original":"http://sapl.santanadoserido.rn.leg.br/media/sapl/public/materialegislativa/2025/920/011.projeto_de_lei_no_011_2025_alteracao_de_lei_contratacao_pessoal_por_tempo_determinado.pdf","data_ultima_atualizacao":"2025-11-04T10:42:19.040141-03:00","ip":"177.86.194.244","ultima_edicao":"2025-11-04T10:42:18.747623-03:00","tipo":19,"regime_tramitacao":1,"tipo_origem_externa":null,"local_origem_externa":null,"user":2,"anexadas":[927],"autores":[34]}