{"id":925,"__str__":"Mo\u00e7\u00e3o n\u00ba 12 de 2025","link_detail_backend":"/materia/925","metadata":{},"numero":12,"ano":2025,"numero_protocolo":32,"data_apresentacao":"2025-06-22","tipo_apresentacao":"E","data_publicacao":null,"numero_origem_externa":"","ano_origem_externa":null,"data_origem_externa":null,"apelido":"","dias_prazo":null,"data_fim_prazo":null,"em_tramitacao":false,"polemica":false,"objeto":"","complementar":false,"ementa":"Os Vereadores Bruno Augusto Bezerra Jota e Fl\u00e1vio Azevedo\r\nde Macedo apresentam nos termos regimentais, MO\u00c7\u00c3O DE\r\nPARAB\u00c9NS dirigida aos organizadores e participantes da QUADRILHA\r\nJUNINA ESTILIZADA \u201cARRAI\u00c1 DO CANDEEIRO\u201d, como\r\nreconhecimento pela brilhante e destacada apresenta\u00e7\u00e3o durante o\r\nevento festivo junino denominado \u201cSanto Antonio do Povo\u201d, realizado na\r\ncidade de Santana do Serid\u00f3 no per\u00edodo de 9 a 12 de junho de 2023.\r\nVale registrar a transmiss\u00e3o de alegria e de identidade com\r\nque \u201carrai\u00e1 do candeeiro\u201d se apresentou para a numerosa plateia que\r\nassistia, se encantava e vibrava com as caracter\u00edstica mostradas atrav\u00e9s\r\ndo figurino, etilo, enredo, originalidade, criatividade dos materiais\r\nutilizados na produ\u00e7\u00e3o do vestu\u00e1rio, dos membros gerais da quadrilha\r\nque mostravam a diversidade e valoriza\u00e7\u00e3o das cores, textura, bordados\r\ncom identifica\u00e7\u00e3o dos seus trajes e mensagem passada com harmonia\r\nA presente mo\u00e7\u00e3o \u00e9 uma forma de reconhecimento e de\r\nsingela homenagem atrav\u00e9s do registro de parab\u00e9ns da C\u00e2mara\r\nMunicipal, que dever\u00e1 ser constada na Ata da sess\u00e3o do pr\u00f3ximo dia\r\n26.06.2023 e cientificada \u00e0 organiza\u00e7\u00e3o da quadrilha.","indexacao":"","observacao":"","resultado":"","texto_original":"http://sapl.santanadoserido.rn.leg.br/media/sapl/public/materialegislativa/2025/925/mocao_de_parabens_012.pdf","data_ultima_atualizacao":"2025-07-02T11:56:27.046699-03:00","ip":"177.86.199.153","ultima_edicao":"2025-07-02T08:46:51.375462-03:00","tipo":6,"regime_tramitacao":1,"tipo_origem_externa":null,"local_origem_externa":null,"user":9,"anexadas":[],"autores":[20,13]}