{"id":926,"__str__":"Mo\u00e7\u00e3o n\u00ba 13 de 2025","link_detail_backend":"/materia/926","metadata":{},"numero":13,"ano":2025,"numero_protocolo":null,"data_apresentacao":"2025-06-30","tipo_apresentacao":"","data_publicacao":null,"numero_origem_externa":"","ano_origem_externa":null,"data_origem_externa":null,"apelido":"","dias_prazo":null,"data_fim_prazo":null,"em_tramitacao":false,"polemica":false,"objeto":"","complementar":false,"ementa":"MO\u00c7\u00c3O DE PESAR PELO FALECIMENTO DE MARIA DAS NEVES SOUZA, OCORRIDO NO DIA 26.06.2025 NO MUNIC\u00cdPIO DE SANTANA DO SERID\u00d3/RN.\r\nA FALECIDA ESTAVA COM 81 ANOS DE IDADE, ERA CASADA COM M\u00c1RIO VICENTE DE SOUZA COM QUEM CONSTITUIU SUA FAM\u00cdLIA DE 8 FILHOS.\r\nQUE A PRESENTE MO\u00c7\u00c3O SEJA CONSTADA NA SESS\u00c3O DO DIA 30/06/2025 E CIENTIFICADA AS CONDOL\u00caNCIAS DO PODER LEGISLATIVO SANTANENSE AOS SEUS FAMILIARES.","indexacao":"","observacao":"","resultado":"","texto_original":"http://sapl.santanadoserido.rn.leg.br/media/sapl/public/materialegislativa/2025/926/mocao_de_pesar_013.pdf","data_ultima_atualizacao":"2025-07-02T11:56:27.142237-03:00","ip":"177.86.199.153","ultima_edicao":"2025-07-02T08:51:03.316908-03:00","tipo":6,"regime_tramitacao":1,"tipo_origem_externa":null,"local_origem_externa":null,"user":9,"anexadas":[],"autores":[]}