{"id":928,"__str__":"Parecer Constitui\u00e7\u00e3o, Legisla\u00e7\u00e3o, Justi\u00e7a e R... n\u00ba 11 de 2025","link_detail_backend":"/materia/928","metadata":{},"numero":11,"ano":2025,"numero_protocolo":null,"data_apresentacao":"2025-06-10","tipo_apresentacao":"","data_publicacao":null,"numero_origem_externa":"","ano_origem_externa":null,"data_origem_externa":null,"apelido":"","dias_prazo":null,"data_fim_prazo":null,"em_tramitacao":false,"polemica":false,"objeto":"","complementar":false,"ementa":"FAVOR\u00c1VEL E PELA ADMISSIBILIDADE NA \u00cdNTEGRA AO PROJETO DE LEI ORDIN\u00c1RIA  012/2025 DO EXECUTIVO.","indexacao":"","observacao":"","resultado":"","texto_original":"http://sapl.santanadoserido.rn.leg.br/media/sapl/public/materialegislativa/2025/928/12._comissao_de_constituicao_legislacao_justica_e_redacao_final.pdf","data_ultima_atualizacao":"2025-11-04T10:29:55.087489-03:00","ip":"167.249.49.20","ultima_edicao":"2025-07-02T09:24:03.454868-03:00","tipo":8,"regime_tramitacao":1,"tipo_origem_externa":null,"local_origem_externa":null,"user":8,"anexadas":[],"autores":[1]}